{"id":2554,"date":"2026-09-04T16:09:39","date_gmt":"2026-09-04T19:09:39","guid":{"rendered":"https:\/\/edtalp-bue.infd.edu.ar\/sitio\/?p=2554"},"modified":"2026-09-04T16:10:47","modified_gmt":"2026-09-04T19:10:47","slug":"%f0%9f%9f%a0%f0%9f%9f%a2%f0%9f%94%b4-semana-de-las-artes-2026","status":"publish","type":"post","link":"https:\/\/edtalp-bue.infd.edu.ar\/sitio\/%f0%9f%9f%a0%f0%9f%9f%a2%f0%9f%94%b4-semana-de-las-artes-2026\/","title":{"rendered":"&#x1f7e0;&#x1f7e2;&#x1f534; SEMANA DE LAS ARTES 2026"},"content":{"rendered":"\n<figure class=\"wp-block-image size-medium\"><img decoding=\"async\" loading=\"lazy\" width=\"800\" height=\"1000\" src=\"https:\/\/edtalp-bue.infd.edu.ar\/sitio\/wp-content\/uploads\/2026\/09\/SEMANA-DE-LAS-ARTES-2026-800x1000.png\" alt=\"\" class=\"wp-image-2555\" srcset=\"https:\/\/edtalp-bue.infd.edu.ar\/sitio\/wp-content\/uploads\/2026\/09\/SEMANA-DE-LAS-ARTES-2026-800x1000.png 800w, https:\/\/edtalp-bue.infd.edu.ar\/sitio\/wp-content\/uploads\/2026\/09\/SEMANA-DE-LAS-ARTES-2026-768x960.png 768w, https:\/\/edtalp-bue.infd.edu.ar\/sitio\/wp-content\/uploads\/2026\/09\/SEMANA-DE-LAS-ARTES-2026.png 1080w\" sizes=\"(max-width: 800px) 100vw, 800px\" \/><\/figure>\n\n\n\n<p><strong>&#x1f449;&#x1f3fc; ACORD\u00c1 con tus compa\u00f1erxs y docentes y COMPLET\u00c1 el formulario online con tu propuesta hasta el viernes 11 de SEPTIEMBRE<\/strong><\/p>\n\n\n\n<p>&#x1f310; <a href=\"http:\/\/acortar.link\/EDTASEMANAARTES2026\">http:\/\/acortar.link\/EDTASEMANAARTES2026<\/a><\/p>\n\n\n\n<p>&#x1f5d3;&#xfe0f; <strong>Este a\u00f1o se desarrollar\u00e1 desde el 28 de Septiembre al 9 de Octubre de 2026<\/strong><\/p>\n\n\n\n<p>&#x2705; Muestras esc\u00e9nicas<br>&#x2705; Clases abiertas<br>&#x2705; Intervenciones espaciales<br>&#x2705; Exposiciones est\u00e1ticas<br>y mucho m\u00e1s!<\/p>\n\n\n\n<p>\u00a1No olvides inscribirte! &#x1f44b;&#x1f3fc;<\/p>\n","protected":false},"excerpt":{"rendered":"<p>&#x1f449;&#x1f3fc; ACORD\u00c1 con tus compa\u00f1erxs y docentes y COMPLET\u00c1 el formulario online con tu propuesta hasta el viernes 11 de SEPTIEMBRE &#x1f310; http:\/\/acortar.link\/EDTASEMANAARTES2026 &#x1f5d3;&#xfe0f; Este a\u00f1o se desarrollar\u00e1 desde el 28 de Septiembre al 9 de Octubre de 2026 &#x2705; Muestras esc\u00e9nicas&#x2705; Clases abiertas&#x2705; Intervenciones espaciales&#x2705; Exposiciones est\u00e1ticasy mucho m\u00e1s! \u00a1No olvides inscribirte! &#x1f44b;&#x1f3fc;<\/p>\n","protected":false},"author":14,"featured_media":0,"comment_status":"open","ping_status":"open","sticky":false,"template":"","format":"standard","meta":[],"categories":[1],"tags":[],"acf":[],"_links":{"self":[{"href":"https:\/\/edtalp-bue.infd.edu.ar\/sitio\/wp-json\/wp\/v2\/posts\/2554"}],"collection":[{"href":"https:\/\/edtalp-bue.infd.edu.ar\/sitio\/wp-json\/wp\/v2\/posts"}],"about":[{"href":"https:\/\/edtalp-bue.infd.edu.ar\/sitio\/wp-json\/wp\/v2\/types\/post"}],"author":[{"embeddable":true,"href":"https:\/\/edtalp-bue.infd.edu.ar\/sitio\/wp-json\/wp\/v2\/users\/14"}],"replies":[{"embeddable":true,"href":"https:\/\/edtalp-bue.infd.edu.ar\/sitio\/wp-json\/wp\/v2\/comments?post=2554"}],"version-history":[{"count":2,"href":"https:\/\/edtalp-bue.infd.edu.ar\/sitio\/wp-json\/wp\/v2\/posts\/2554\/revisions"}],"predecessor-version":[{"id":2557,"href":"https:\/\/edtalp-bue.infd.edu.ar\/sitio\/wp-json\/wp\/v2\/posts\/2554\/revisions\/2557"}],"wp:attachment":[{"href":"https:\/\/edtalp-bue.infd.edu.ar\/sitio\/wp-json\/wp\/v2\/media?parent=2554"}],"wp:term":[{"taxonomy":"category","embeddable":true,"href":"https:\/\/edtalp-bue.infd.edu.ar\/sitio\/wp-json\/wp\/v2\/categories?post=2554"},{"taxonomy":"post_tag","embeddable":true,"href":"https:\/\/edtalp-bue.infd.edu.ar\/sitio\/wp-json\/wp\/v2\/tags?post=2554"}],"curies":[{"name":"wp","href":"https:\/\/api.w.org\/{rel}","templated":true}]}}